{"id":459,"date":"2025-01-21T19:36:35","date_gmt":"2025-01-21T19:36:35","guid":{"rendered":"https:\/\/labo.edu.pl\/?p=459"},"modified":"2025-01-21T22:22:55","modified_gmt":"2025-01-21T22:22:55","slug":"zapraszamy-na-pokazy-eksperymentow-naukowych-na-zut","status":"publish","type":"post","link":"https:\/\/labo.edu.pl\/?p=459","title":{"rendered":"Zapraszamy na pokazy eksperyment\u00f3w naukowych na ZUT"},"content":{"rendered":"\n\n\n<p>Ju\u017c 1 l<a href=\"https:\/\/www.kupbilecik.pl\/imprezy\/153046\/szczecin\/pokaz.naukowy\/\"><img loading=\"lazy\" decoding=\"async\" class=\"alignleft\" src=\"https:\/\/labo.edu.pl\/wp-content\/uploads\/2025\/01\/Pokaz01.jpg\" alt=\"\" width=\"350\" height=\"254\" \/><\/a>utego 2025 roku, na rozpocz\u0119cie ferii zimowych, zapraszamy na niezwyk\u0142e pokazy naukowe na Zachodniopomorskim Uniwersytecie Technologicznym w Szczecinie! Przygotowali\u015bmy widowiska, kt\u00f3re rozpal\u0105 wyobra\u017ani\u0119 i zainspiruj\u0105 do odkrywania tajemnic nauki.<\/p>\n<p>Podczas pokazu odkryjecie sekrety \u015bwiat\u0142a, ognia oraz spektakularnych reakcji chemicznych, kt\u00f3re zachwyc\u0105 zar\u00f3wno dzieci, jak i doros\u0142ych. To niezapomniana okazja, by po\u0142\u0105czy\u0107 nauk\u0119 z zabaw\u0105!<\/p>\n<p>&#x1f4c5; <strong>Data<\/strong>: 1 lutego 2025 r.<br \/>&#x1f565; <strong>Godziny<\/strong>: 10:30 i 12:30<br \/>&#x1f4cd; <strong>Miejsce<\/strong>: Regionalne Centrum Innowacji i Transferu Technologii, ul. Jagiello\u0144ska 20-21, Szczecin<\/p>\n<p>Nie przegapcie tej niezwyk\u0142ej okazji, by rozpocz\u0105\u0107 ferie w naukowym stylu! &#x1f31f;<\/p>\n<p><strong>Bilety na <a href=\"https:\/\/kbq.pl\/153046\">kupbilecik.pl \/<\/a><\/strong><\/p>\n<ul>\n<li>godz. 10:30 &#8211; <span style=\"color: #000080;\"><a style=\"color: #000080;\" href=\"https:\/\/kbq.pl\/153046\">Nie z tej Ziemi<\/a><\/span><\/li>\n<li>godz. 12:30 &#8211; <a href=\"https:\/\/kbq.pl\/153382\"><span style=\"color: #ff6600;\">Niech si\u0119 stanie \u015bwiat\u0142o\u015b\u0107<\/span><\/a><\/li>\n<\/ul>\n<p>\u00a0<\/p>\n<p>Co czeka na Was podczas tego widowiska?<br \/>&#x1f525; Eksperymenty, kt\u00f3re poka\u017c\u0105 moc ognia \u2013 od delikatnych p\u0142omieni po wybuchowe efekty.<br \/>&#x1f4a1; Zjawiska \u015bwietlne, kt\u00f3re zachwyc\u0105 ka\u017cdego \u2013 od fluorescencji po laserowe iluzje.<br \/>&#x1f321;&#xfe0f; Wyja\u015bnienia, czym s\u0105 reakcje egzotermiczne i dlaczego wydzielaj\u0105 ciep\u0142o oraz \u015bwiat\u0142o.<br \/>&#x2728; Niezwyk\u0142e opowie\u015bci o tym, jak \u015bwiat\u0142o i energia wp\u0142ywaj\u0105 na nasze codzienne \u017cycie.<\/p>\n<p>\u00a0Zobaczycie, jak dzi\u0119ki nauce \u015bwiat staje si\u0119 jeszcze bardziej fascynuj\u0105cy i pe\u0142en niespodzianek!<\/p>\n<p>Przygotujcie si\u0119 na ol\u015bniewaj\u0105ce wra\u017cenia, kt\u00f3re zapami\u0119tacie na d\u0142ugo. Niech si\u0119 stanie \u015bwiat\u0142o\u015b\u0107 \u2013 i niech zrodzi si\u0119 Wasza ciekawo\u015b\u0107 \u015bwiata! &#x1f31f;<\/p>\n<p><a href=\"https:\/\/www.kupbilecik.pl\/imprezy\/153382\/Szczecin\/Pokaz+naukowy\/\"><img loading=\"lazy\" decoding=\"async\" class=\"alignnone size-full wp-image-461\" src=\"https:\/\/labo.edu.pl\/wp-content\/uploads\/2025\/01\/Pokaz_2.jpg\" alt=\"\" width=\"589\" height=\"474\" srcset=\"https:\/\/labo.edu.pl\/wp-content\/uploads\/2025\/01\/Pokaz_2.jpg 589w, https:\/\/labo.edu.pl\/wp-content\/uploads\/2025\/01\/Pokaz_2-300x241.jpg 300w\" sizes=\"auto, (max-width: 589px) 100vw, 589px\" \/><\/a><\/p>\n","protected":false},"excerpt":{"rendered":"<p>Ju\u017c 1 lutego 2025 roku, na rozpocz\u0119cie ferii zimowych, zapraszamy na niezwyk\u0142e pokazy naukowe na Zachodniopomorskim Uniwersytecie Technologicznym w Szczecinie! Przygotowali\u015bmy widowiska, kt\u00f3re rozpal\u0105 wyobra\u017ani\u0119 i zainspiruj\u0105 do odkrywania tajemnic nauki. Podczas pokazu odkryjecie sekrety \u015bwiat\u0142a, ognia oraz spektakularnych reakcji chemicznych, kt\u00f3re zachwyc\u0105 zar\u00f3wno dzieci, jak i doros\u0142ych. To niezapomniana okazja, by po\u0142\u0105czy\u0107 nauk\u0119 z <a href=\"https:\/\/labo.edu.pl\/?p=459\" rel=\"nofollow\"><span class=\"sr-only\">Read more about Zapraszamy na pokazy eksperyment\u00f3w naukowych na ZUT<\/span>[&hellip;]<\/a><\/p>\n","protected":false},"author":1,"featured_media":462,"comment_status":"closed","ping_status":"closed","sticky":false,"template":"","format":"standard","meta":{"sfsi_plus_gutenberg_text_before_share":"","sfsi_plus_gutenberg_show_text_before_share":"","sfsi_plus_gutenberg_icon_type":"","sfsi_plus_gutenberg_icon_alignemt":"","sfsi_plus_gutenburg_max_per_row":"","_monsterinsights_skip_tracking":false,"_monsterinsights_sitenote_active":false,"_monsterinsights_sitenote_note":"","_monsterinsights_sitenote_category":0,"_themeisle_gutenberg_block_has_review":false,"footnotes":""},"categories":[8,23],"tags":[12,18,13,10,16],"class_list":["post-459","post","type-post","status-publish","format-standard","has-post-thumbnail","hentry","category-artykuly","category-informacje","tag-astronomia","tag-chemia","tag-eksperymenty","tag-pokaz-naukowy","tag-szczecin"],"_links":{"self":[{"href":"https:\/\/labo.edu.pl\/index.php?rest_route=\/wp\/v2\/posts\/459","targetHints":{"allow":["GET"]}}],"collection":[{"href":"https:\/\/labo.edu.pl\/index.php?rest_route=\/wp\/v2\/posts"}],"about":[{"href":"https:\/\/labo.edu.pl\/index.php?rest_route=\/wp\/v2\/types\/post"}],"author":[{"embeddable":true,"href":"https:\/\/labo.edu.pl\/index.php?rest_route=\/wp\/v2\/users\/1"}],"replies":[{"embeddable":true,"href":"https:\/\/labo.edu.pl\/index.php?rest_route=%2Fwp%2Fv2%2Fcomments&post=459"}],"version-history":[{"count":6,"href":"https:\/\/labo.edu.pl\/index.php?rest_route=\/wp\/v2\/posts\/459\/revisions"}],"predecessor-version":[{"id":471,"href":"https:\/\/labo.edu.pl\/index.php?rest_route=\/wp\/v2\/posts\/459\/revisions\/471"}],"wp:featuredmedia":[{"embeddable":true,"href":"https:\/\/labo.edu.pl\/index.php?rest_route=\/wp\/v2\/media\/462"}],"wp:attachment":[{"href":"https:\/\/labo.edu.pl\/index.php?rest_route=%2Fwp%2Fv2%2Fmedia&parent=459"}],"wp:term":[{"taxonomy":"category","embeddable":true,"href":"https:\/\/labo.edu.pl\/index.php?rest_route=%2Fwp%2Fv2%2Fcategories&post=459"},{"taxonomy":"post_tag","embeddable":true,"href":"https:\/\/labo.edu.pl\/index.php?rest_route=%2Fwp%2Fv2%2Ftags&post=459"}],"curies":[{"name":"wp","href":"https:\/\/api.w.org\/{rel}","templated":true}]}}